{"id":834,"date":"2024-02-14T09:52:56","date_gmt":"2024-02-14T08:52:56","guid":{"rendered":"https:\/\/www.duvisuel.ch\/rimaayache\/?p=834"},"modified":"2024-02-14T10:03:10","modified_gmt":"2024-02-14T09:03:10","slug":"projet-fotoscope-2021","status":"publish","type":"post","link":"https:\/\/www.duvisuel.ch\/rimaayache\/?p=834","title":{"rendered":"projet fotoscope &#8211; 2020"},"content":{"rendered":"<p>VARIATIONS AUTOUR DE L\u2019IMAGE TOURISTIQUE<\/p>\n<p><a href=\"https:\/\/www.duvisuel.ch\/rimaayache\/?attachment_id=747\" rel=\"attachment wp-att-747\"><img loading=\"lazy\" decoding=\"async\" class=\"alignnone wp-image-747 size-thumbnail\" src=\"http:\/\/www.duvisuel.ch\/rimaayache\/wp-content\/uploads\/logo-noir-fotoscope-100x100.jpg\" alt=\"\" width=\"100\" height=\"100\" srcset=\"https:\/\/www.duvisuel.ch\/rimaayache\/wp-content\/uploads\/logo-noir-fotoscope-100x100.jpg 100w, https:\/\/www.duvisuel.ch\/rimaayache\/wp-content\/uploads\/logo-noir-fotoscope-300x300.jpg 300w, https:\/\/www.duvisuel.ch\/rimaayache\/wp-content\/uploads\/logo-noir-fotoscope.jpg 1000w, https:\/\/www.duvisuel.ch\/rimaayache\/wp-content\/uploads\/logo-noir-fotoscope-768x768.jpg 768w\" sizes=\"(max-width: 100px) 100vw, 100px\" \/><\/a><\/p>\n<p><cite>Le projet Fotoscope s\u2019inscrit dans la continuit\u00e9 d\u2019une r\u00e9flexion sur le territoire<\/cite><br \/>\n<cite>\u00abrh\u00f4ne-la-vall\u00e9e\u00bb men\u00e9e en 2012 en Valais, dont le concept consistait \u00e0 mieux saisir<\/cite><br \/>\n<cite>le lien qu\u2019entretient l\u2019artiste avec le territoire au sein duquel il\/elle \u00e9volue. <\/cite><\/p>\n<p><cite>Le d\u00e9place<\/cite><cite>ment s\u2019\u00e9tant graduellement effectu\u00e9 de la vall\u00e9e du Rh\u00f4ne \u00e0 l\u2019arc l\u00e9manique, le propos<\/cite><br \/>\n<cite>qui nous occuppe aujourd\u2019hui a transit\u00e9 du territoire physique de l\u2019artiste \u00e0 celui de<\/cite><br \/>\n<cite>l\u2019imagerie touristique d\u2019une r\u00e9gion et de ses variations possibles.<\/cite><\/p>\n<p><cite>Sur le mod\u00e8le du d\u00e9pliant standard qui promeut les charmes d\u2019une contr\u00e9e, le projet Fo-<\/cite><br \/>\n<cite>toscope vise \u00e0 d\u00e9construire le clich\u00e9 de l\u2019imagerie touristique pour rendre visible d\u2019autres<\/cite><br \/>\n<cite>repr\u00e9sentations ou \u00abversions interpr\u00e9tatives\u00bb de l\u2019arc l\u00e9manique. Ce projet, \u00e0 caract\u00e8re<\/cite><br \/>\n<cite>philanthrope, propose un mod\u00e8le vintage de diffusion \u00e0 grande \u00e9chelle en vue d\u2019inciter<\/cite><br \/>\n<cite>d\u2019autres fabricants d\u2019images \u00absolitaires\u00bb (artistes professionnels \u0153uvrant dans l\u2019ombre,<\/cite><br \/>\n<cite>amateurs \u00e9clair\u00e9s utilisant le m\u00e9dium de l\u2019image) \u00e0 s\u2019approprier ce dispositif pour faire<\/cite><br \/>\n<cite>valoir leurs visions et bousculer les poncifs \u00e9tablis. <\/cite><\/p>\n<p><cite>L\u2019image touristique \u00e9tant d\u00e9j\u00e0 en train <\/cite><cite>d\u2019\u00eatre d\u00e9tourn\u00e9e par le touriste lui-m\u00eame ( hypoth\u00e8se ) <\/cite><\/p>\n<p><cite>Fotoscope a l\u2019ambition momen<\/cite><cite>tan\u00e9e de s\u2019imposer sur le march\u00e9 et r\u00e9pondre de l\u2019image touristique<br \/>\n<\/cite><cite style=\"font-size: 1.2rem;\">\u00e0 la demande du <\/cite><cite style=\"font-size: 1.2rem;\">touriste novateur<\/cite><\/p>\n<p><a href=\"https:\/\/www.ultrastudio.ch\/projet\/fotoscope\/\" target=\"_blank\" rel=\"noopener\">https:\/\/www.ultrastudio.ch\/projet\/fotoscope\/<\/a><\/p>\n<p><a href=\"https:\/\/www.duvisuel.ch\/rimaayache\/?attachment_id=839\" rel=\"attachment wp-att-839\"><img loading=\"lazy\" decoding=\"async\" class=\"alignnone size-medium wp-image-839\" src=\"http:\/\/www.duvisuel.ch\/rimaayache\/wp-content\/uploads\/FOTOSCOPE_1-284x300.jpg\" alt=\"\" width=\"284\" height=\"300\" srcset=\"https:\/\/www.duvisuel.ch\/rimaayache\/wp-content\/uploads\/FOTOSCOPE_1-284x300.jpg 284w, https:\/\/www.duvisuel.ch\/rimaayache\/wp-content\/uploads\/FOTOSCOPE_1.jpg 768w\" sizes=\"(max-width: 284px) 100vw, 284px\" \/><\/a><\/p>\n<p>&nbsp;<\/p>\n","protected":false},"excerpt":{"rendered":"<p>VARIATIONS AUTOUR DE L\u2019IMAGE TOURISTIQUE Le projet Fotoscope s\u2019inscrit dans la continuit\u00e9 d\u2019une r\u00e9flexion sur le territoire \u00abrh\u00f4ne-la-vall\u00e9e\u00bb men\u00e9e en 2012 en Valais, dont le concept consistait \u00e0 mieux saisir le lien qu\u2019entretient l\u2019artiste avec le territoire au sein duquel il\/elle \u00e9volue. Le d\u00e9placement s\u2019\u00e9tant graduellement effectu\u00e9 de la vall\u00e9e du Rh\u00f4ne \u00e0 l\u2019arc l\u00e9manique, &hellip;<\/p>\n","protected":false},"author":2,"featured_media":0,"comment_status":"closed","ping_status":"closed","sticky":false,"template":"","format":"standard","meta":{"_exactmetrics_skip_tracking":false,"_exactmetrics_sitenote_active":false,"_exactmetrics_sitenote_note":"","_exactmetrics_sitenote_category":0,"footnotes":""},"categories":[7],"tags":[],"_links":{"self":[{"href":"https:\/\/www.duvisuel.ch\/rimaayache\/index.php?rest_route=\/wp\/v2\/posts\/834"}],"collection":[{"href":"https:\/\/www.duvisuel.ch\/rimaayache\/index.php?rest_route=\/wp\/v2\/posts"}],"about":[{"href":"https:\/\/www.duvisuel.ch\/rimaayache\/index.php?rest_route=\/wp\/v2\/types\/post"}],"author":[{"embeddable":true,"href":"https:\/\/www.duvisuel.ch\/rimaayache\/index.php?rest_route=\/wp\/v2\/users\/2"}],"replies":[{"embeddable":true,"href":"https:\/\/www.duvisuel.ch\/rimaayache\/index.php?rest_route=%2Fwp%2Fv2%2Fcomments&post=834"}],"version-history":[{"count":7,"href":"https:\/\/www.duvisuel.ch\/rimaayache\/index.php?rest_route=\/wp\/v2\/posts\/834\/revisions"}],"predecessor-version":[{"id":846,"href":"https:\/\/www.duvisuel.ch\/rimaayache\/index.php?rest_route=\/wp\/v2\/posts\/834\/revisions\/846"}],"wp:attachment":[{"href":"https:\/\/www.duvisuel.ch\/rimaayache\/index.php?rest_route=%2Fwp%2Fv2%2Fmedia&parent=834"}],"wp:term":[{"taxonomy":"category","embeddable":true,"href":"https:\/\/www.duvisuel.ch\/rimaayache\/index.php?rest_route=%2Fwp%2Fv2%2Fcategories&post=834"},{"taxonomy":"post_tag","embeddable":true,"href":"https:\/\/www.duvisuel.ch\/rimaayache\/index.php?rest_route=%2Fwp%2Fv2%2Ftags&post=834"}],"curies":[{"name":"wp","href":"https:\/\/api.w.org\/{rel}","templated":true}]}}